{"id":1023,"date":"2022-05-11T08:54:06","date_gmt":"2022-05-11T08:54:06","guid":{"rendered":"https:\/\/www.esclabasilicata.org\/formazionebasilicata\/?p=1023"},"modified":"2022-05-13T07:49:20","modified_gmt":"2022-05-13T07:49:20","slug":"formazione-obbligatoria-imprenditori-agricoli","status":"publish","type":"post","link":"https:\/\/www.esclabasilicata.org\/formazionebasilicata\/formazione-obbligatoria-imprenditori-agricoli\/","title":{"rendered":"Formazione Obbligatoria Imprenditori Agricoli"},"content":{"rendered":"\n<figure class=\"wp-block-image size-large\"><img loading=\"lazy\" decoding=\"async\" width=\"900\" height=\"294\" data-attachment-id=\"1031\" data-permalink=\"https:\/\/www.esclabasilicata.org\/formazionebasilicata\/formazione-obbligatoria-imprenditori-agricoli\/testata\/\" data-orig-file=\"https:\/\/i0.wp.com\/www.esclabasilicata.org\/formazionebasilicata\/wp-content\/uploads\/2022\/05\/testata.png?fit=1179%2C385&amp;ssl=1\" data-orig-size=\"1179,385\" data-comments-opened=\"0\" data-image-meta=\"{&quot;aperture&quot;:&quot;0&quot;,&quot;credit&quot;:&quot;&quot;,&quot;camera&quot;:&quot;&quot;,&quot;caption&quot;:&quot;&quot;,&quot;created_timestamp&quot;:&quot;0&quot;,&quot;copyright&quot;:&quot;&quot;,&quot;focal_length&quot;:&quot;0&quot;,&quot;iso&quot;:&quot;0&quot;,&quot;shutter_speed&quot;:&quot;0&quot;,&quot;title&quot;:&quot;&quot;,&quot;orientation&quot;:&quot;0&quot;}\" data-image-title=\"testata\" data-image-description=\"\" data-image-caption=\"\" data-medium-file=\"https:\/\/i0.wp.com\/www.esclabasilicata.org\/formazionebasilicata\/wp-content\/uploads\/2022\/05\/testata.png?fit=300%2C98&amp;ssl=1\" data-large-file=\"https:\/\/i0.wp.com\/www.esclabasilicata.org\/formazionebasilicata\/wp-content\/uploads\/2022\/05\/testata.png?fit=900%2C294&amp;ssl=1\" src=\"https:\/\/i0.wp.com\/www.esclabasilicata.org\/formazionebasilicata\/wp-content\/uploads\/2022\/05\/testata.png?resize=900%2C294&#038;ssl=1\" alt=\"\" class=\"wp-image-1031\" srcset=\"https:\/\/i0.wp.com\/www.esclabasilicata.org\/formazionebasilicata\/wp-content\/uploads\/2022\/05\/testata.png?resize=1024%2C334&amp;ssl=1 1024w, https:\/\/i0.wp.com\/www.esclabasilicata.org\/formazionebasilicata\/wp-content\/uploads\/2022\/05\/testata.png?resize=300%2C98&amp;ssl=1 300w, https:\/\/i0.wp.com\/www.esclabasilicata.org\/formazionebasilicata\/wp-content\/uploads\/2022\/05\/testata.png?resize=768%2C251&amp;ssl=1 768w, https:\/\/i0.wp.com\/www.esclabasilicata.org\/formazionebasilicata\/wp-content\/uploads\/2022\/05\/testata.png?w=1179&amp;ssl=1 1179w\" sizes=\"(max-width: 900px) 100vw, 900px\" data-recalc-dims=\"1\" \/><\/figure>\n\n\n\n<p>Sono aperte le iscrizioni ai corsi obbligatori rivolti agli IMPRENDITORI AGRICOLI BENEFICIARI DELLA SOTTOMISURA 6.1 DEL PSR BASILICATA 2014-2020.<br>Escla pubblica gli avvisi per il progetto formativo &#8220;Agrinnova&#8221;, finanziato dalla Regione Basilicata con le risorse del FEARS 2014-2020.<br>SI POTRA&#8217; PARTECIPARE ANCHE IN MODALITA&#8217; A DISTANZA.<\/p>\n\n\n\n<div data-wp-interactive=\"core\/file\" class=\"wp-block-file\"><object data-wp-bind--hidden=\"!state.hasPdfPreview\"  class=\"wp-block-file__embed\" data=\"https:\/\/www.esclabasilicata.org\/formazionebasilicata\/wp-content\/uploads\/2022\/05\/BANDO_SELEZIONE_2505.pdf\" type=\"application\/pdf\" style=\"width:100%;height:600px\" aria-label=\"Incorporamento di Incorporamento di BANDO_SELEZIONE_2505..\"><\/object><a id=\"wp-block-file--media-c693b756-0013-4fee-98f6-0df73a80e757\" href=\"https:\/\/www.esclabasilicata.org\/formazionebasilicata\/wp-content\/uploads\/2022\/05\/BANDO_SELEZIONE_2505.pdf\">BANDO_SELEZIONE_2505<\/a><a href=\"https:\/\/www.esclabasilicata.org\/formazionebasilicata\/wp-content\/uploads\/2022\/05\/BANDO_SELEZIONE_2505.pdf\" class=\"wp-block-file__button\" download aria-describedby=\"wp-block-file--media-c693b756-0013-4fee-98f6-0df73a80e757\">Download<\/a><\/div>\n\n\n\n\n\n<div data-wp-interactive=\"core\/file\" class=\"wp-block-file\"><object data-wp-bind--hidden=\"!state.hasPdfPreview\"  class=\"wp-block-file__embed\" data=\"https:\/\/www.esclabasilicata.org\/formazionebasilicata\/wp-content\/uploads\/2022\/05\/BANDO_SELEZIONE_28_05.pdf\" type=\"application\/pdf\" style=\"width:100%;height:600px\" aria-label=\"Incorporamento di Incorporamento di BANDO_SELEZIONE_28_05..\"><\/object><a id=\"wp-block-file--media-bee0a90c-ca98-4f46-aff3-6478ff67d053\" href=\"https:\/\/www.esclabasilicata.org\/formazionebasilicata\/wp-content\/uploads\/2022\/05\/BANDO_SELEZIONE_28_05.pdf\">BANDO_SELEZIONE_28_05<\/a><a href=\"https:\/\/www.esclabasilicata.org\/formazionebasilicata\/wp-content\/uploads\/2022\/05\/BANDO_SELEZIONE_28_05.pdf\" class=\"wp-block-file__button\" download aria-describedby=\"wp-block-file--media-bee0a90c-ca98-4f46-aff3-6478ff67d053\">Download<\/a><\/div>\n\n\n\n<div data-wp-interactive=\"core\/file\" class=\"wp-block-file\"><object data-wp-bind--hidden=\"!state.hasPdfPreview\"  class=\"wp-block-file__embed\" data=\"https:\/\/www.esclabasilicata.org\/formazionebasilicata\/wp-content\/uploads\/2022\/05\/DOMANDA_DI_PARTECIPAZIONE.pdf\" type=\"application\/pdf\" style=\"width:100%;height:600px\" aria-label=\"Incorporamento di Incorporamento di DOMANDA_DI_PARTECIPAZIONE..\"><\/object><a id=\"wp-block-file--media-74e449bd-6314-4543-8e11-1fabccee608a\" href=\"https:\/\/www.esclabasilicata.org\/formazionebasilicata\/wp-content\/uploads\/2022\/05\/DOMANDA_DI_PARTECIPAZIONE.pdf\">DOMANDA_DI_PARTECIPAZIONE<\/a><a href=\"https:\/\/www.esclabasilicata.org\/formazionebasilicata\/wp-content\/uploads\/2022\/05\/DOMANDA_DI_PARTECIPAZIONE.pdf\" class=\"wp-block-file__button\" download aria-describedby=\"wp-block-file--media-74e449bd-6314-4543-8e11-1fabccee608a\">Download<\/a><\/div>\n\n\n\n<div class=\"wp-block-contact-form-7-contact-form-selector\"><div role=\"form\" class=\"wpcf7\" id=\"wpcf7-f104-o1\" lang=\"it-IT\" dir=\"ltr\">\n<div class=\"screen-reader-response\"><p role=\"status\" aria-live=\"polite\" aria-atomic=\"true\"><\/p> <ul><\/ul><\/div>\n<form action=\"\/formazionebasilicata\/wp-json\/wp\/v2\/posts\/1023#wpcf7-f104-o1\" method=\"post\" class=\"wpcf7-form init\" enctype=\"multipart\/form-data\" novalidate=\"novalidate\" data-status=\"init\">\n<div style=\"display: none;\">\n<input type=\"hidden\" name=\"_wpcf7\" value=\"104\" \/>\n<input type=\"hidden\" name=\"_wpcf7_version\" value=\"5.6\" \/>\n<input type=\"hidden\" name=\"_wpcf7_locale\" value=\"it_IT\" \/>\n<input type=\"hidden\" name=\"_wpcf7_unit_tag\" value=\"wpcf7-f104-o1\" \/>\n<input type=\"hidden\" name=\"_wpcf7_container_post\" value=\"0\" \/>\n<input type=\"hidden\" name=\"_wpcf7_posted_data_hash\" value=\"\" \/>\n<\/div>\n<p><label> Nome e Cognome (richiesto)<br \/>\n    <span class=\"wpcf7-form-control-wrap\" data-name=\"your-name\"><input type=\"text\" name=\"your-name\" value=\"\" size=\"40\" maxlength=\"30\" minlength=\"3\" class=\"wpcf7-form-control wpcf7-text wpcf7-validates-as-required\" aria-required=\"true\" aria-invalid=\"false\" \/><\/span> <\/label><br \/>\n<label> il tuo numero di tel.(facoltativo)<br \/>\n<span class=\"wpcf7-form-control-wrap\" data-name=\"tel-781\"><input type=\"tel\" name=\"tel-781\" value=\"\" size=\"40\" class=\"wpcf7-form-control wpcf7-text wpcf7-tel wpcf7-validates-as-tel\" aria-invalid=\"false\" \/><\/span><\/label><br \/>\n<label> La tua email (richiesto)<br \/>\n    <span class=\"wpcf7-form-control-wrap\" data-name=\"your-email\"><input type=\"email\" name=\"your-email\" value=\"\" size=\"40\" class=\"wpcf7-form-control wpcf7-text wpcf7-email wpcf7-validates-as-required wpcf7-validates-as-email\" aria-required=\"true\" aria-invalid=\"false\" \/><\/span> <\/label><\/p>\n<p><label> Oggetto<br \/>\n    <span class=\"wpcf7-form-control-wrap\" data-name=\"your-subject\"><input type=\"text\" name=\"your-subject\" value=\"\" size=\"40\" class=\"wpcf7-form-control wpcf7-text\" aria-invalid=\"false\" \/><\/span> <\/label><\/p>\n<p><label> Il tuo messaggio<br \/>\n    <span class=\"wpcf7-form-control-wrap\" data-name=\"your-message\"><textarea name=\"your-message\" cols=\"40\" rows=\"10\" class=\"wpcf7-form-control wpcf7-textarea\" aria-invalid=\"false\"><\/textarea><\/span> <\/label><br \/>\n<label>Allega file<span class=\"wpcf7-form-control-wrap\" data-name=\"file-958\"><input type=\"file\" name=\"file-958\" size=\"40\" class=\"wpcf7-form-control wpcf7-file\" accept=\"audio\/*,video\/*,image\/*\" aria-invalid=\"false\" \/><\/span><\/label><\/p>\n<p>[recaptcha]<br \/>\n<span class=\"wpcf7-form-control-wrap\" data-name=\"checkbox-749\"><span class=\"wpcf7-form-control wpcf7-checkbox wpcf7-validates-as-required\"><span class=\"wpcf7-list-item first last\"><span class=\"wpcf7-list-item-label\">Ho Letto l&#039;informativa sulla privacy di E.Sc.LA e accetto<\/span><input type=\"checkbox\" name=\"checkbox-749[]\" value=\"Ho Letto l&#039;informativa sulla privacy di E.Sc.LA e accetto\" \/><\/span><\/span><\/span><br \/>\n<input type=\"submit\" value=\"Invia\" class=\"wpcf7-form-control has-spinner wpcf7-submit\" \/><\/p>\n<div class=\"wpcf7-response-output\" aria-hidden=\"true\"><\/div><\/form><\/div><\/div>\n","protected":false},"excerpt":{"rendered":"<p>Sono aperte le iscrizioni ai corsi obbligatori rivolti agli IMPRENDITORI AGRICOLI BENEFICIARI DELLA SOTTOMISURA 6.1 DEL PSR BASILICATA 2014-2020.Escla pubblica gli avvisi per il progetto [&#8230;]<\/p>\n","protected":false},"author":1,"featured_media":0,"comment_status":"closed","ping_status":"open","sticky":false,"template":"","format":"standard","meta":{"ngg_post_thumbnail":0,"footnotes":"","jetpack_publicize_message":"","jetpack_is_tweetstorm":false,"jetpack_publicize_feature_enabled":true},"categories":[1],"tags":[],"jetpack_publicize_connections":[],"jetpack_featured_media_url":"","jetpack_sharing_enabled":true,"jetpack_shortlink":"https:\/\/wp.me\/pa3AUH-gv","jetpack-related-posts":[{"id":1082,"url":"https:\/\/www.esclabasilicata.org\/formazionebasilicata\/avviso-pubblico-sottomisura-1-1\/","url_meta":{"origin":1023,"position":0},"title":"AVVISO PUBBLICO \u201cSOTTOMISURA 1.1","date":"Dicembre 22, 2022","format":false,"excerpt":"\u00a0Sostegno per azioni di formazione professionale e acquisizione di competenze\u201d Sostegno per azioni di formazione professionale e acquisizione di competenze (operazione 1.1.1)\u201dProgetto formativo \u201cAGRINNOVA BASILICATA\u201d L\u2019Intervento formativo \u00e8 rivolto a N. 15 addetti del settore agricolo, agroalimentare e forestale - IMPRENDITORIAGRICOLI BENEFICIARI DELLA SOTTOMISURA 6.1 DEL PSR BASILICATA 2014-2020, con\u2026","rel":"","context":"In &quot;Avvisi Pubblici&quot;","img":{"alt_text":"","src":"","width":0,"height":0},"classes":[]},{"id":1146,"url":"https:\/\/www.esclabasilicata.org\/formazionebasilicata\/progetto-formativo-biodiversita-in-campo-avviso-di-selezione-partecipanti\/","url_meta":{"origin":1023,"position":1},"title":"PROGETTO FORMATIVO \u201cBIODIVERSITA&#8217; IN CAMPO\u201d \u2013 Avviso di selezione partecipanti","date":"Aprile 14, 2025","format":false,"excerpt":"\u201cBIODIVERSITA' IN CAMPO\u201d \u00e8 un corso di 80 ORE a numero chiuso e per massimo 15 partecipanti, erogato a distanza in modalit\u00e0 sincrona. Il programma didattico \u00e8 davvero innovativo e puoi vederlo in dettaglio consultando l\u2019avviso allegato GRATUITO PER IMPRENDITORI E ADDETTI DEL SETTORE AGRICOLO, ALIMENTARE, ZOOTECNICO E FORESTALE CON\u2026","rel":"","context":"In &quot;Avvisi Pubblici&quot;","img":{"alt_text":"","src":"","width":0,"height":0},"classes":[]},{"id":1141,"url":"https:\/\/www.esclabasilicata.org\/formazionebasilicata\/progetto-formativo-agri-green-innovazioni-per-uneconomia-sostenibile-avviso-di-selezione-partecipanti\/","url_meta":{"origin":1023,"position":2},"title":"PROGETTO FORMATIVO \u201cAGRI-GREEN: INNOVAZIONI PER UN\u2019ECONOMIA SOSTENIBILE\u201d &#8211; Avviso di selezione partecipanti","date":"Aprile 11, 2025","format":false,"excerpt":"\u201cAGRI-GREEN: INNOVAZIONI PER UN\u2019ECONOMIA SOSTENIBILE\u201d \u00e8 un corso di 150 ORE a numero chiuso e per massimo 15 partecipanti, erogato a distanza in modalit\u00e0 sincrona Il programma didattico \u00e8 davvero innovativo e puoi vederlo in dettaglio consultando l'avviso allegato GRATUITO PER IMPRENDITORI E ADDETTI DEL SETTORE AGRICOLO, ALIMENTARE, ZOOTECNICO E\u2026","rel":"","context":"In &quot;articoli in evidenza&quot;","img":{"alt_text":"","src":"https:\/\/i0.wp.com\/www.esclabasilicata.org\/formazionebasilicata\/wp-content\/uploads\/2025\/04\/Avviso.png?fit=839%2C690&ssl=1&resize=350%2C200","width":350,"height":200},"classes":[]},{"id":962,"url":"https:\/\/www.esclabasilicata.org\/formazionebasilicata\/garanzia-giovani-basilicata-i-corsi-per-te\/","url_meta":{"origin":1023,"position":3},"title":"Garanzia Giovani Basilicata: i corsi per te!","date":"Settembre 18, 2021","format":false,"excerpt":"\u00a0La formazione mirata all'inserimento lavorativo ha come obiettivo quello di fornire le competenze necessarie a facilitare l'ingresso nel mondo del lavoro analizzando le potenzialit\u00e0 del giovane e il fabbisogno delle imprese. I profili professionali, individuati precedentemente nel Repertorio della Regione Basilicata, sono progettati nel rispetto degli standard minimi regionali formativi,\u2026","rel":"","context":"In &quot;articoli in evidenza&quot;","img":{"alt_text":"","src":"https:\/\/i0.wp.com\/www.esclabasilicata.org\/formazionebasilicata\/wp-content\/uploads\/2021\/09\/jobsearch.png?resize=350%2C200","width":350,"height":200},"classes":[]},{"id":828,"url":"https:\/\/www.esclabasilicata.org\/formazionebasilicata\/annunci-di-disponibilita-ad-avviare-tirocini-extracurriculari-a-valere-sullavviso-pubblico-garanzia-giovani-regione-basilicata\/","url_meta":{"origin":1023,"position":4},"title":"Annunci di disponibilit\u00e0 ad avviare tirocini extracurriculari a valere sull&#8217;avviso Pubblico Garanzia Giovani Regione Basilicata","date":"Dicembre 18, 2017","format":false,"excerpt":"1 Agenzia viaggi chiede ragazzo\/ ragazza per Ufficio Comunicazione;2 Azienda settore agroalimentare chiede 1 giovane per attivit\u00e0 amministrativa, 1 giovane per attivit\u00e0 di magazzino;3 Studio tecnico chiede ragazzo \/ragazza con Diploma di Geometra;4 Azienda artigiana chiede ragazzo\/ragazza per attivit\u00e0 di comunicazione sul Web;5 attivit\u00e0 di ristorazione chiede ragazzo\/ragazza per servizio\u2026","rel":"","context":"Articolo simile","img":{"alt_text":"","src":"","width":0,"height":0},"classes":[]},{"id":1088,"url":"https:\/\/www.esclabasilicata.org\/formazionebasilicata\/corso-3-agrinnova-basilicata\/","url_meta":{"origin":1023,"position":5},"title":"Corso 3 AGRINNOVA BASILICATA ELENCO PARTECIPANTI","date":"Dicembre 4, 2022","format":false,"excerpt":"Progetto formativo \u201cAGRINNOVA BASILICATA\u201d CUP G54D21000050009, approvato e finanziato nell\u2019 ambito dell\u2019Avviso Pubblico AVVISO PUBBLICO \u201cSOTTOMISURA 1.1 \u2013 Sostegno per azioni di formazione professionale eacquisizione di competenze\u201d \u2013 Sostegno per azioni di formazione professionale e acquisizione di competenze (operazione 1.1.1)\u201d D.G.R. N. 435\/2019 ELENCO PARTECIPANTI AL COLLOQUIO DI SELEZIONE CORSO\u2026","rel":"","context":"In &quot;articoli in evidenza&quot;","img":{"alt_text":"","src":"","width":0,"height":0},"classes":[]}],"jetpack_likes_enabled":true,"_links":{"self":[{"href":"https:\/\/www.esclabasilicata.org\/formazionebasilicata\/wp-json\/wp\/v2\/posts\/1023"}],"collection":[{"href":"https:\/\/www.esclabasilicata.org\/formazionebasilicata\/wp-json\/wp\/v2\/posts"}],"about":[{"href":"https:\/\/www.esclabasilicata.org\/formazionebasilicata\/wp-json\/wp\/v2\/types\/post"}],"author":[{"embeddable":true,"href":"https:\/\/www.esclabasilicata.org\/formazionebasilicata\/wp-json\/wp\/v2\/users\/1"}],"replies":[{"embeddable":true,"href":"https:\/\/www.esclabasilicata.org\/formazionebasilicata\/wp-json\/wp\/v2\/comments?post=1023"}],"version-history":[{"count":5,"href":"https:\/\/www.esclabasilicata.org\/formazionebasilicata\/wp-json\/wp\/v2\/posts\/1023\/revisions"}],"predecessor-version":[{"id":1038,"href":"https:\/\/www.esclabasilicata.org\/formazionebasilicata\/wp-json\/wp\/v2\/posts\/1023\/revisions\/1038"}],"wp:attachment":[{"href":"https:\/\/www.esclabasilicata.org\/formazionebasilicata\/wp-json\/wp\/v2\/media?parent=1023"}],"wp:term":[{"taxonomy":"category","embeddable":true,"href":"https:\/\/www.esclabasilicata.org\/formazionebasilicata\/wp-json\/wp\/v2\/categories?post=1023"},{"taxonomy":"post_tag","embeddable":true,"href":"https:\/\/www.esclabasilicata.org\/formazionebasilicata\/wp-json\/wp\/v2\/tags?post=1023"}],"curies":[{"name":"wp","href":"https:\/\/api.w.org\/{rel}","templated":true}]}}