{"id":1065,"date":"2022-07-11T10:23:01","date_gmt":"2022-07-11T10:23:01","guid":{"rendered":"https:\/\/www.esclabasilicata.org\/formazionebasilicata\/?p=1065"},"modified":"2022-07-11T10:26:48","modified_gmt":"2022-07-11T10:26:48","slug":"1065-2","status":"publish","type":"post","link":"https:\/\/www.esclabasilicata.org\/formazionebasilicata\/1065-2\/","title":{"rendered":"Corso per addetto al ricevimento"},"content":{"rendered":"\n<figure class=\"wp-block-image size-full is-resized\"><img loading=\"lazy\" decoding=\"async\" data-attachment-id=\"1069\" data-permalink=\"https:\/\/www.esclabasilicata.org\/formazionebasilicata\/1065-2\/receptionist_immagine\/\" data-orig-file=\"https:\/\/i0.wp.com\/www.esclabasilicata.org\/formazionebasilicata\/wp-content\/uploads\/2022\/07\/receptionist_immagine.png?fit=925%2C668&amp;ssl=1\" data-orig-size=\"925,668\" data-comments-opened=\"0\" data-image-meta=\"{&quot;aperture&quot;:&quot;0&quot;,&quot;credit&quot;:&quot;&quot;,&quot;camera&quot;:&quot;&quot;,&quot;caption&quot;:&quot;&quot;,&quot;created_timestamp&quot;:&quot;0&quot;,&quot;copyright&quot;:&quot;&quot;,&quot;focal_length&quot;:&quot;0&quot;,&quot;iso&quot;:&quot;0&quot;,&quot;shutter_speed&quot;:&quot;0&quot;,&quot;title&quot;:&quot;&quot;,&quot;orientation&quot;:&quot;0&quot;}\" data-image-title=\"receptionist_immagine\" data-image-description=\"\" data-image-caption=\"\" data-medium-file=\"https:\/\/i0.wp.com\/www.esclabasilicata.org\/formazionebasilicata\/wp-content\/uploads\/2022\/07\/receptionist_immagine.png?fit=300%2C217&amp;ssl=1\" data-large-file=\"https:\/\/i0.wp.com\/www.esclabasilicata.org\/formazionebasilicata\/wp-content\/uploads\/2022\/07\/receptionist_immagine.png?fit=900%2C650&amp;ssl=1\" src=\"https:\/\/i0.wp.com\/www.esclabasilicata.org\/formazionebasilicata\/wp-content\/uploads\/2022\/07\/receptionist_immagine.png?resize=458%2C330&#038;ssl=1\" alt=\"\" class=\"wp-image-1069\" width=\"458\" height=\"330\" srcset=\"https:\/\/i0.wp.com\/www.esclabasilicata.org\/formazionebasilicata\/wp-content\/uploads\/2022\/07\/receptionist_immagine.png?w=925&amp;ssl=1 925w, https:\/\/i0.wp.com\/www.esclabasilicata.org\/formazionebasilicata\/wp-content\/uploads\/2022\/07\/receptionist_immagine.png?resize=300%2C217&amp;ssl=1 300w, https:\/\/i0.wp.com\/www.esclabasilicata.org\/formazionebasilicata\/wp-content\/uploads\/2022\/07\/receptionist_immagine.png?resize=768%2C555&amp;ssl=1 768w\" sizes=\"(max-width: 458px) 100vw, 458px\" data-recalc-dims=\"1\" \/><\/figure>\n\n\n\n<p><strong><span style=\"color: #cc0000;\">Il costo della formazione \u00e8 interamente coperto dal voucher.<\/span><\/strong><\/p>\n<p>Il corso si pone l\u2019obiettivo di formare una figura professionale, che possa lavorare nel settore dei servizi turistici, in grado di:<\/p>\n<ul>\n<li>accogliere il cliente<\/li>\n<li>di assisterlo e di rilevarne il grado di customer satisfaction<\/li>\n<li>di occuparsi della prima informazione<\/li>\n<li>dell&#8217;immissione dei dati in software in-formatici<\/li>\n<li>delle procedure di check-in e check-out<\/li>\n<li>di gestire le prenotazioni e assicurare la disponibilit\u00e0 dell&#8217;alloggio e degli altri servizi<\/li>\n<li>di fornire informazioni sulle opportunit\u00e0 offerte dalla struttura e dal territorio<\/li>\n<\/ul>\n<p><!--more--><\/p>\n<p>La durata \u00e8 di <strong>600 ore di cui 360 ore di aula\/laboratorio e 240 di stage<\/strong> da effettuarsi in strutture turistiche alberghiere presenti in Basilicata. <br>Al termine del percorso, previo il superamento dell\u2019esame finale, sar\u00e0 rilasciato un <strong>Attestato di qualifica professionale<\/strong> per \u201c<em><strong>Receptionist<\/strong><\/em>\u201d<\/p>\n<p>Il corso \u00e8 rivolto a giovani <strong>disoccupati di et\u00e0 tra i 18 e I 35 anni e per adulti disoccupati di et\u00e0 superiore ai 35 anni residenti nella Regione Basilicata<\/strong>, in possesso dei titoli attestanti l&#8217;assolvimento dell&#8217;obbligo di istruzione.<\/p>\n<p>\u00c8 possibile<strong> richiedere il voucher<\/strong> tramite il portale Avvisi e bandi del sito della Regione Basilicata, si compila in formato elettronico e si invia telematicamente. L\u2019avviso \u00e8 stato pubblicato sul numero spe-ciale del Bollettino ufficiale n. 28 del 23 giugno 2022, scadenza presentazione istanze: 26\/08\/2022.<br>La scheda del progetto \u00e8 consultabile al seguente link <a href=\"https:\/\/portalebandi.regione.basilicata.it\/PortaleBandi\/detail-curV.jsp?id=700187\">https:\/\/portalebandi.regione.basilicata.it\/PortaleBandi\/detail-curV.jsp?id=700187<\/a>&nbsp;<\/p>\n\n\n\n<div class=\"wp-block-contact-form-7-contact-form-selector\"><div role=\"form\" class=\"wpcf7\" id=\"wpcf7-f1064-o1\" lang=\"it-IT\" dir=\"ltr\">\n<div class=\"screen-reader-response\"><p role=\"status\" aria-live=\"polite\" aria-atomic=\"true\"><\/p> <ul><\/ul><\/div>\n<form action=\"\/formazionebasilicata\/wp-json\/wp\/v2\/posts\/1065#wpcf7-f1064-o1\" method=\"post\" class=\"wpcf7-form init\" novalidate=\"novalidate\" data-status=\"init\">\n<div style=\"display: none;\">\n<input type=\"hidden\" name=\"_wpcf7\" value=\"1064\" \/>\n<input type=\"hidden\" name=\"_wpcf7_version\" value=\"5.6\" \/>\n<input type=\"hidden\" name=\"_wpcf7_locale\" value=\"it_IT\" \/>\n<input type=\"hidden\" name=\"_wpcf7_unit_tag\" value=\"wpcf7-f1064-o1\" \/>\n<input type=\"hidden\" name=\"_wpcf7_container_post\" value=\"0\" \/>\n<input type=\"hidden\" name=\"_wpcf7_posted_data_hash\" value=\"\" \/>\n<\/div>\n<p><label> Nome e Cognome (richiesto)<br \/>\n    <span class=\"wpcf7-form-control-wrap\" data-name=\"your-name\"><input type=\"text\" name=\"your-name\" value=\"\" size=\"40\" maxlength=\"30\" minlength=\"3\" class=\"wpcf7-form-control wpcf7-text wpcf7-validates-as-required\" aria-required=\"true\" aria-invalid=\"false\" \/><\/span> <\/label><\/p>\n<p><label> il tuo numero di tel.(richiesto)<br \/>\n    <span class=\"wpcf7-form-control-wrap\" data-name=\"tel-781\"><input type=\"tel\" name=\"tel-781\" value=\"\" size=\"40\" class=\"wpcf7-form-control wpcf7-text wpcf7-tel wpcf7-validates-as-required wpcf7-validates-as-tel\" aria-required=\"true\" aria-invalid=\"false\" \/><\/span><\/label><\/p>\n<p><label> La tua email (richiesto)<br \/>\n    <span class=\"wpcf7-form-control-wrap\" data-name=\"your-email\"><input type=\"email\" name=\"your-email\" value=\"\" size=\"40\" class=\"wpcf7-form-control wpcf7-text wpcf7-email wpcf7-validates-as-required wpcf7-validates-as-email\" aria-required=\"true\" aria-invalid=\"false\" \/><\/span> <\/label><\/p>\n<p><label> Oggetto<br \/>\n    <span class=\"wpcf7-form-control-wrap\" data-name=\"your-subject\"><input type=\"text\" name=\"your-subject\" value=\"\" size=\"40\" class=\"wpcf7-form-control wpcf7-text\" aria-invalid=\"false\" \/><\/span> <\/label><\/p>\n<p><label> Corso di interesse<\/label><br \/>\n<span class=\"wpcf7-form-control-wrap\" data-name=\"menu-474\"><select name=\"menu-474\" class=\"wpcf7-form-control wpcf7-select wpcf7-validates-as-required\" aria-required=\"true\" aria-invalid=\"false\"><option value=\"Receptionist -addetto al ricevimento\">Receptionist -addetto al ricevimento<\/option><option value=\"Operatore contabile\">Operatore contabile<\/option><\/select><\/span><\/p>\n<p><label> Il tuo messaggio<br \/>\n    <span class=\"wpcf7-form-control-wrap\" data-name=\"your-message\"><textarea name=\"your-message\" cols=\"40\" rows=\"10\" class=\"wpcf7-form-control wpcf7-textarea\" aria-invalid=\"false\"><\/textarea><\/span> <\/label><\/p>\n<p>[recaptcha]<br \/>\n<span class=\"wpcf7-form-control-wrap\" data-name=\"checkbox-749\"><span class=\"wpcf7-form-control wpcf7-checkbox wpcf7-validates-as-required\"><span class=\"wpcf7-list-item first last\"><span class=\"wpcf7-list-item-label\">Ho Letto l&#039;informativa sulla privacy di E.Sc.LA e accetto<\/span><input type=\"checkbox\" name=\"checkbox-749[]\" value=\"Ho Letto l&#039;informativa sulla privacy di E.Sc.LA e accetto\" \/><\/span><\/span><\/span><br \/>\n<input type=\"submit\" value=\"Invia\" class=\"wpcf7-form-control has-spinner wpcf7-submit\" \/><\/p>\n<div class=\"wpcf7-response-output\" aria-hidden=\"true\"><\/div><\/form><\/div><\/div>\n\n\n\n<div data-wp-interactive=\"core\/file\" class=\"wp-block-file\"><object data-wp-bind--hidden=\"!state.hasPdfPreview\"  class=\"wp-block-file__embed\" data=\"https:\/\/www.esclabasilicata.org\/formazionebasilicata\/wp-content\/uploads\/2022\/07\/Corso-per-receptionist_Escla.pdf\" type=\"application\/pdf\" style=\"width:100%;height:600px\" aria-label=\"Incorporamento di Incorporamento di Corso-per-receptionist_Escla..\"><\/object><a id=\"wp-block-file--media-7dc60c47-9832-4fb0-9834-be17bd348a2e\" href=\"https:\/\/www.esclabasilicata.org\/formazionebasilicata\/wp-content\/uploads\/2022\/07\/Corso-per-receptionist_Escla.pdf\">Corso-per-receptionist_Escla<\/a><a href=\"https:\/\/www.esclabasilicata.org\/formazionebasilicata\/wp-content\/uploads\/2022\/07\/Corso-per-receptionist_Escla.pdf\" class=\"wp-block-file__button\" download aria-describedby=\"wp-block-file--media-7dc60c47-9832-4fb0-9834-be17bd348a2e\">Download<\/a><\/div>\n","protected":false},"excerpt":{"rendered":"<p>Il costo della formazione \u00e8 interamente coperto dal voucher. Il corso si pone l\u2019obiettivo di formare una figura professionale, che possa lavorare nel settore dei [&#8230;]<\/p>\n","protected":false},"author":1,"featured_media":0,"comment_status":"closed","ping_status":"open","sticky":true,"template":"","format":"standard","meta":{"ngg_post_thumbnail":0,"footnotes":"","jetpack_publicize_message":"","jetpack_is_tweetstorm":false,"jetpack_publicize_feature_enabled":true},"categories":[25],"tags":[],"jetpack_publicize_connections":[],"jetpack_featured_media_url":"","jetpack_sharing_enabled":true,"jetpack_shortlink":"https:\/\/wp.me\/pa3AUH-hb","jetpack-related-posts":[{"id":891,"url":"https:\/\/www.esclabasilicata.org\/formazionebasilicata\/addetto-ai-servizi-di-controllo-delle-attivita-di-intrattenimento-e-di-spettacolo-in-luoghi-aperti-al-pubblico-o-in-pubblici-esercizi\/","url_meta":{"origin":1065,"position":0},"title":"Addetto ai servizi di controllo delle attivit\u00e0 di intrattenimento e di spettacolo in luoghi aperti al pubblico o in pubblici esercizi.","date":"Novembre 12, 2018","format":false,"excerpt":"Sono aperte le iscrizioni. Il corso permette il conseguimento\u00a0dell\u2019abilitazione valida ai fini dell\u2019iscrizione nell\u2019elenco prefettizio ai sensi del Decreto del Ministro dell\u2019Interno del 06\/09\/2009, art. 3.L\u2019addetto ai servizi di controllo delle attivit\u00e0 di intrattenimento e di spettacolo in luoghi aperti al pubblico o in pubblici esercizi \u00e8 la figura professionale\u2026","rel":"","context":"Articolo simile","img":{"alt_text":"","src":"","width":0,"height":0},"classes":[]},{"id":974,"url":"https:\/\/www.esclabasilicata.org\/formazionebasilicata\/corso-per-operatore-di-reception-per-strutture-turistiche\/","url_meta":{"origin":1065,"position":1},"title":"Corso per &#8220;Operatore di Reception per strutture turistiche&#8221;","date":"Settembre 18, 2021","format":false,"excerpt":"E' un percorso di formazione individuale e individualizzato, per massimo 3 allievi partecipanti, finalizzato a formare operatori receptionist in grado di provvedere all'accoglienza e assistenza al cliente e nello specifico di: - assistere il cliente nella fruizione del servizio reso - cogliere ed interpretare preferenze e richieste della clientela -\u2026","rel":"","context":"In &quot;Offerta formativa&quot;","img":{"alt_text":"","src":"https:\/\/i0.wp.com\/www.esclabasilicata.org\/formazionebasilicata\/wp-content\/uploads\/2021\/09\/receptionist.png?resize=350%2C200","width":350,"height":200},"classes":[]},{"id":992,"url":"https:\/\/www.esclabasilicata.org\/formazionebasilicata\/corso-di-formazione-in-sviluppo-di-contenuti-multimediali-con-applicativi-cms\/","url_meta":{"origin":1065,"position":2},"title":"Corso di formazione in &#8220;sviluppo di contenuti multimediali con applicativi CMS&#8221;","date":"Settembre 18, 2021","format":false,"excerpt":"E' un percorso di formazione individuale e individualizzato, per massimo 3 allievi partecipanti, finalizzato a formare operatori in grado di provvedere alla progettazione e gestione di interfacce e contenuti multimediali mediante CMS\u00a0e nello specifico di: Analisi, individuazione ed elaborazione dei contenuti multimediali per la realizzazione di un progetto Installazione e\u2026","rel":"","context":"In &quot;Offerta formativa&quot;","img":{"alt_text":"","src":"https:\/\/i0.wp.com\/www.esclabasilicata.org\/formazionebasilicata\/wp-content\/uploads\/2021\/09\/webdigit.png?resize=350%2C200","width":350,"height":200},"classes":[]},{"id":1098,"url":"https:\/\/www.esclabasilicata.org\/formazionebasilicata\/ecco-i-nuovi-corsi-gratuiti-che-saranno-attivati-presso-le-scla-promossi-dalla-regione-basilicata-nel-programma-gol\/","url_meta":{"origin":1065,"position":3},"title":"Ecco i nuovi CORSI gratuiti che saranno attivati presso l\u2019E.SC.LA. promossi dalla Regione Basilicata nel programma GOL.","date":"Ottobre 1, 2024","format":false,"excerpt":"Destinatari dei corsi sono le persone disoccupate, inoccupate, beneficiari di ammortizzatori sociali, nonch\u00e9 lavoratori il cui reddito non superi la soglia prevista dalla disciplina fiscale. Per tutti i corsi \u00e8 prevista un\u2019indennit\u00e0 di euro 3,5 per ogni ora di frequenza a favore dell\u2019 allievo. Corsi finalizzati al conseguimento di una\u2026","rel":"","context":"In &quot;articoli in evidenza&quot;","img":{"alt_text":"","src":"https:\/\/i0.wp.com\/www.esclabasilicata.org\/formazionebasilicata\/wp-content\/uploads\/2024\/10\/locandina-GOL-con-nuovi-corsi-.jpg?fit=1200%2C675&ssl=1&resize=350%2C200","width":350,"height":200},"classes":[]},{"id":507,"url":"https:\/\/www.esclabasilicata.org\/formazionebasilicata\/corsi-attivi\/","url_meta":{"origin":1065,"position":4},"title":"Corsi d&#8217;informatica con certificazione finale EIPASS","date":"Gennaio 10, 2017","format":false,"excerpt":"CORSO\u00a0 INFORMATICA\u00a0EIPASS 7 Moduli UserLa certificazione EIPASS 7 Moduli User attesta, in maniera oggettiva e neutrale, il sicuro possesso delle competenze\u00a0intermedie\u00a0nell\u2019utilizzo degli strumenti dell\u2019ICT, cos\u00ec come descritte nella tabella sintetica dell\u2019e-Competence Framework for ICT Users \u2013 Part 2: User Guidelines:L\u2019Utente \u00e8 in grado di applicare conoscenze e competenze informatiche che\u2026","rel":"","context":"Articolo simile","img":{"alt_text":"","src":"","width":0,"height":0},"classes":[]},{"id":538,"url":"https:\/\/www.esclabasilicata.org\/formazionebasilicata\/informativa-sulla-privacy-di-escla\/","url_meta":{"origin":1065,"position":5},"title":"Informativa sulla privacy di ESCLA","date":"Febbraio 10, 2017","format":false,"excerpt":"E.SC.LA - Privacy Policy -LINEE GUIDA IN MATERIA DI PROTEZIONE DEI DATI PERSONALIL'E.SC.LA, responsabile del \u00a0trattamento dati per il prodotto www.esclabasilicata.org, si impegna a far utilizzare il sito nel pieno rispetto della normativa sulla protezione dei dati personali sancita da ultimo con D.L.vo n.196 del 30\/6\/2003 \u2013 denominato \u201cCodice\u201de prima\u2026","rel":"","context":"Articolo simile","img":{"alt_text":"","src":"","width":0,"height":0},"classes":[]}],"jetpack_likes_enabled":true,"_links":{"self":[{"href":"https:\/\/www.esclabasilicata.org\/formazionebasilicata\/wp-json\/wp\/v2\/posts\/1065"}],"collection":[{"href":"https:\/\/www.esclabasilicata.org\/formazionebasilicata\/wp-json\/wp\/v2\/posts"}],"about":[{"href":"https:\/\/www.esclabasilicata.org\/formazionebasilicata\/wp-json\/wp\/v2\/types\/post"}],"author":[{"embeddable":true,"href":"https:\/\/www.esclabasilicata.org\/formazionebasilicata\/wp-json\/wp\/v2\/users\/1"}],"replies":[{"embeddable":true,"href":"https:\/\/www.esclabasilicata.org\/formazionebasilicata\/wp-json\/wp\/v2\/comments?post=1065"}],"version-history":[{"count":3,"href":"https:\/\/www.esclabasilicata.org\/formazionebasilicata\/wp-json\/wp\/v2\/posts\/1065\/revisions"}],"predecessor-version":[{"id":1073,"href":"https:\/\/www.esclabasilicata.org\/formazionebasilicata\/wp-json\/wp\/v2\/posts\/1065\/revisions\/1073"}],"wp:attachment":[{"href":"https:\/\/www.esclabasilicata.org\/formazionebasilicata\/wp-json\/wp\/v2\/media?parent=1065"}],"wp:term":[{"taxonomy":"category","embeddable":true,"href":"https:\/\/www.esclabasilicata.org\/formazionebasilicata\/wp-json\/wp\/v2\/categories?post=1065"},{"taxonomy":"post_tag","embeddable":true,"href":"https:\/\/www.esclabasilicata.org\/formazionebasilicata\/wp-json\/wp\/v2\/tags?post=1065"}],"curies":[{"name":"wp","href":"https:\/\/api.w.org\/{rel}","templated":true}]}}