{"id":962,"date":"2021-09-18T00:33:00","date_gmt":"2021-09-18T00:33:00","guid":{"rendered":"http:\/\/www.esclabasilicata.org\/formazionebasilicata\/?p=962"},"modified":"2021-09-18T16:51:25","modified_gmt":"2021-09-18T16:51:25","slug":"garanzia-giovani-basilicata-i-corsi-per-te","status":"publish","type":"post","link":"https:\/\/www.esclabasilicata.org\/formazionebasilicata\/garanzia-giovani-basilicata-i-corsi-per-te\/","title":{"rendered":"Garanzia Giovani Basilicata: i corsi per te!"},"content":{"rendered":"\n<p>&nbsp;<a href=\"https:\/\/www.esclabasilicata.org\/formazionebasilicata\/garanzia-giovani-basilicata-i-corsi-per-te\/jobsearch\/\" rel=\"attachment wp-att-1012\"><img loading=\"lazy\" decoding=\"async\" data-attachment-id=\"1012\" data-permalink=\"https:\/\/www.esclabasilicata.org\/formazionebasilicata\/garanzia-giovani-basilicata-i-corsi-per-te\/jobsearch\/\" data-orig-file=\"https:\/\/i0.wp.com\/www.esclabasilicata.org\/formazionebasilicata\/wp-content\/uploads\/2021\/09\/jobsearch.png?fit=771%2C277&amp;ssl=1\" data-orig-size=\"771,277\" data-comments-opened=\"0\" data-image-meta=\"{&quot;aperture&quot;:&quot;0&quot;,&quot;credit&quot;:&quot;&quot;,&quot;camera&quot;:&quot;&quot;,&quot;caption&quot;:&quot;&quot;,&quot;created_timestamp&quot;:&quot;0&quot;,&quot;copyright&quot;:&quot;&quot;,&quot;focal_length&quot;:&quot;0&quot;,&quot;iso&quot;:&quot;0&quot;,&quot;shutter_speed&quot;:&quot;0&quot;,&quot;title&quot;:&quot;&quot;,&quot;orientation&quot;:&quot;0&quot;}\" data-image-title=\"jobsearch\" data-image-description=\"\" data-image-caption=\"\" data-medium-file=\"https:\/\/i0.wp.com\/www.esclabasilicata.org\/formazionebasilicata\/wp-content\/uploads\/2021\/09\/jobsearch.png?fit=300%2C108&amp;ssl=1\" data-large-file=\"https:\/\/i0.wp.com\/www.esclabasilicata.org\/formazionebasilicata\/wp-content\/uploads\/2021\/09\/jobsearch.png?fit=771%2C277&amp;ssl=1\" class=\" wp-image-1012 alignleft\" src=\"https:\/\/i0.wp.com\/www.esclabasilicata.org\/formazionebasilicata\/wp-content\/uploads\/2021\/09\/jobsearch.png?resize=579%2C208&#038;ssl=1\" alt=\"\" width=\"579\" height=\"208\" srcset=\"https:\/\/i0.wp.com\/www.esclabasilicata.org\/formazionebasilicata\/wp-content\/uploads\/2021\/09\/jobsearch.png?w=771&amp;ssl=1 771w, https:\/\/i0.wp.com\/www.esclabasilicata.org\/formazionebasilicata\/wp-content\/uploads\/2021\/09\/jobsearch.png?resize=300%2C108&amp;ssl=1 300w, https:\/\/i0.wp.com\/www.esclabasilicata.org\/formazionebasilicata\/wp-content\/uploads\/2021\/09\/jobsearch.png?resize=768%2C276&amp;ssl=1 768w\" sizes=\"(max-width: 579px) 100vw, 579px\" data-recalc-dims=\"1\" \/><\/a>La formazione mirata all&#8217;inserimento lavorativo ha come obiettivo quello di fornire le competenze necessarie a facilitare l&#8217;ingresso nel mondo del lavoro analizzando le potenzialit\u00e0 del giovane e il fabbisogno delle imprese. I profili professionali, individuati precedentemente nel Repertorio della Regione Basilicata, sono progettati nel rispetto degli standard minimi regionali formativi, di certificazione e di attestazione.<a href=\"https:\/\/www.esclabasilicata.org\/formazionebasilicata\/garanzia-giovani-basilicata-i-corsi-per-te\/centro_i\/\" rel=\"attachment wp-att-1011\"><img loading=\"lazy\" decoding=\"async\" data-attachment-id=\"1011\" data-permalink=\"https:\/\/www.esclabasilicata.org\/formazionebasilicata\/garanzia-giovani-basilicata-i-corsi-per-te\/centro_i\/\" data-orig-file=\"https:\/\/i0.wp.com\/www.esclabasilicata.org\/formazionebasilicata\/wp-content\/uploads\/2021\/09\/centro_I.png?fit=585%2C410&amp;ssl=1\" data-orig-size=\"585,410\" data-comments-opened=\"0\" data-image-meta=\"{&quot;aperture&quot;:&quot;0&quot;,&quot;credit&quot;:&quot;&quot;,&quot;camera&quot;:&quot;&quot;,&quot;caption&quot;:&quot;&quot;,&quot;created_timestamp&quot;:&quot;0&quot;,&quot;copyright&quot;:&quot;&quot;,&quot;focal_length&quot;:&quot;0&quot;,&quot;iso&quot;:&quot;0&quot;,&quot;shutter_speed&quot;:&quot;0&quot;,&quot;title&quot;:&quot;&quot;,&quot;orientation&quot;:&quot;0&quot;}\" data-image-title=\"centro_I\" data-image-description=\"\" data-image-caption=\"\" data-medium-file=\"https:\/\/i0.wp.com\/www.esclabasilicata.org\/formazionebasilicata\/wp-content\/uploads\/2021\/09\/centro_I.png?fit=300%2C210&amp;ssl=1\" data-large-file=\"https:\/\/i0.wp.com\/www.esclabasilicata.org\/formazionebasilicata\/wp-content\/uploads\/2021\/09\/centro_I.png?fit=585%2C410&amp;ssl=1\" class=\" wp-image-1011 alignright\" src=\"https:\/\/i0.wp.com\/www.esclabasilicata.org\/formazionebasilicata\/wp-content\/uploads\/2021\/09\/centro_I.png?resize=417%2C292&#038;ssl=1\" alt=\"\" width=\"417\" height=\"292\" srcset=\"https:\/\/i0.wp.com\/www.esclabasilicata.org\/formazionebasilicata\/wp-content\/uploads\/2021\/09\/centro_I.png?w=585&amp;ssl=1 585w, https:\/\/i0.wp.com\/www.esclabasilicata.org\/formazionebasilicata\/wp-content\/uploads\/2021\/09\/centro_I.png?resize=300%2C210&amp;ssl=1 300w\" sizes=\"(max-width: 417px) 100vw, 417px\" data-recalc-dims=\"1\" \/><\/a><\/p>\n<p>Se hai voglia di apprendere e di perfezionare le tue competenze in attivit\u00e0 professionali oggi molto richieste, inoltre<\/p>\n<ul>\n<li>Hai fra i 15 e i 29 anni<\/li>\n<li>non sei impegnato in attivit\u00e0 lavorativa<\/li>\n<li>non sei studente?<\/li>\n<\/ul>\n<p><strong>Ti presentiamo<a href=\"https:\/\/www.esclabasilicata.org\/formazionebasilicata\/garanzia-giovani-la-formazione-a-finanziamento-pubblico-per-te\/\"> i nostri corsi per te, completamente a finanziamento pubblico<\/a><\/strong><\/p>\n<p>&nbsp;<\/p>\n","protected":false},"excerpt":{"rendered":"<p>&nbsp;La formazione mirata all&#8217;inserimento lavorativo ha come obiettivo quello di fornire le competenze necessarie a facilitare l&#8217;ingresso nel mondo del lavoro analizzando le potenzialit\u00e0 del [&#8230;]<\/p>\n","protected":false},"author":1,"featured_media":0,"comment_status":"closed","ping_status":"open","sticky":true,"template":"","format":"standard","meta":{"ngg_post_thumbnail":0,"footnotes":"","jetpack_publicize_message":"","jetpack_is_tweetstorm":false,"jetpack_publicize_feature_enabled":true},"categories":[13],"tags":[],"jetpack_publicize_connections":[],"jetpack_featured_media_url":"","jetpack_sharing_enabled":true,"jetpack_shortlink":"https:\/\/wp.me\/pa3AUH-fw","jetpack-related-posts":[{"id":1098,"url":"https:\/\/www.esclabasilicata.org\/formazionebasilicata\/ecco-i-nuovi-corsi-gratuiti-che-saranno-attivati-presso-le-scla-promossi-dalla-regione-basilicata-nel-programma-gol\/","url_meta":{"origin":962,"position":0},"title":"Ecco i nuovi CORSI gratuiti che saranno attivati presso l\u2019E.SC.LA. promossi dalla Regione Basilicata nel programma GOL.","date":"Ottobre 1, 2024","format":false,"excerpt":"Destinatari dei corsi sono le persone disoccupate, inoccupate, beneficiari di ammortizzatori sociali, nonch\u00e9 lavoratori il cui reddito non superi la soglia prevista dalla disciplina fiscale. Per tutti i corsi \u00e8 prevista un\u2019indennit\u00e0 di euro 3,5 per ogni ora di frequenza a favore dell\u2019 allievo. Corsi finalizzati al conseguimento di una\u2026","rel":"","context":"In &quot;articoli in evidenza&quot;","img":{"alt_text":"","src":"https:\/\/i0.wp.com\/www.esclabasilicata.org\/formazionebasilicata\/wp-content\/uploads\/2024\/10\/locandina-GOL-con-nuovi-corsi-.jpg?fit=1200%2C675&ssl=1&resize=350%2C200","width":350,"height":200},"classes":[]},{"id":1065,"url":"https:\/\/www.esclabasilicata.org\/formazionebasilicata\/1065-2\/","url_meta":{"origin":962,"position":1},"title":"Corso per addetto al ricevimento","date":"Luglio 11, 2022","format":false,"excerpt":"Il costo della formazione \u00e8 interamente coperto dal voucher. Il corso si pone l\u2019obiettivo di formare una figura professionale, che possa lavorare nel settore dei servizi turistici, in grado di: accogliere il cliente di assisterlo e di rilevarne il grado di customer satisfaction di occuparsi della prima informazione dell'immissione dei\u2026","rel":"","context":"In &quot;Offerta formativa&quot;","img":{"alt_text":"","src":"https:\/\/i0.wp.com\/www.esclabasilicata.org\/formazionebasilicata\/wp-content\/uploads\/2022\/07\/receptionist_immagine.png?resize=350%2C200&ssl=1","width":350,"height":200},"classes":[]},{"id":1082,"url":"https:\/\/www.esclabasilicata.org\/formazionebasilicata\/avviso-pubblico-sottomisura-1-1\/","url_meta":{"origin":962,"position":2},"title":"AVVISO PUBBLICO \u201cSOTTOMISURA 1.1","date":"Dicembre 22, 2022","format":false,"excerpt":"\u00a0Sostegno per azioni di formazione professionale e acquisizione di competenze\u201d Sostegno per azioni di formazione professionale e acquisizione di competenze (operazione 1.1.1)\u201dProgetto formativo \u201cAGRINNOVA BASILICATA\u201d L\u2019Intervento formativo \u00e8 rivolto a N. 15 addetti del settore agricolo, agroalimentare e forestale - IMPRENDITORIAGRICOLI BENEFICIARI DELLA SOTTOMISURA 6.1 DEL PSR BASILICATA 2014-2020, con\u2026","rel":"","context":"In &quot;Avvisi Pubblici&quot;","img":{"alt_text":"","src":"","width":0,"height":0},"classes":[]},{"id":538,"url":"https:\/\/www.esclabasilicata.org\/formazionebasilicata\/informativa-sulla-privacy-di-escla\/","url_meta":{"origin":962,"position":3},"title":"Informativa sulla privacy di ESCLA","date":"Febbraio 10, 2017","format":false,"excerpt":"E.SC.LA - Privacy Policy -LINEE GUIDA IN MATERIA DI PROTEZIONE DEI DATI PERSONALIL'E.SC.LA, responsabile del \u00a0trattamento dati per il prodotto www.esclabasilicata.org, si impegna a far utilizzare il sito nel pieno rispetto della normativa sulla protezione dei dati personali sancita da ultimo con D.L.vo n.196 del 30\/6\/2003 \u2013 denominato \u201cCodice\u201de prima\u2026","rel":"","context":"Articolo simile","img":{"alt_text":"","src":"","width":0,"height":0},"classes":[]},{"id":828,"url":"https:\/\/www.esclabasilicata.org\/formazionebasilicata\/annunci-di-disponibilita-ad-avviare-tirocini-extracurriculari-a-valere-sullavviso-pubblico-garanzia-giovani-regione-basilicata\/","url_meta":{"origin":962,"position":4},"title":"Annunci di disponibilit\u00e0 ad avviare tirocini extracurriculari a valere sull&#8217;avviso Pubblico Garanzia Giovani Regione Basilicata","date":"Dicembre 18, 2017","format":false,"excerpt":"1 Agenzia viaggi chiede ragazzo\/ ragazza per Ufficio Comunicazione;2 Azienda settore agroalimentare chiede 1 giovane per attivit\u00e0 amministrativa, 1 giovane per attivit\u00e0 di magazzino;3 Studio tecnico chiede ragazzo \/ragazza con Diploma di Geometra;4 Azienda artigiana chiede ragazzo\/ragazza per attivit\u00e0 di comunicazione sul Web;5 attivit\u00e0 di ristorazione chiede ragazzo\/ragazza per servizio\u2026","rel":"","context":"Articolo simile","img":{"alt_text":"","src":"","width":0,"height":0},"classes":[]},{"id":1074,"url":"https:\/\/www.esclabasilicata.org\/formazionebasilicata\/addetto-alla-contabilita\/","url_meta":{"origin":962,"position":5},"title":"Addetto alla contabilit\u00e0","date":"Luglio 11, 2022","format":false,"excerpt":"Il costo della formazione \u00e8 interamente coperto dal voucher. Il corso di formazione \u00e8 finalizzato al conseguimento della qualifica di \u201cContabile\u201d.Il contabile si occupa della gestione operativa delle attivit\u00e0 economico-finanziarie e fiscali attraverso la realizzazione delle scritture contabili e la cura degli adempimenti fiscali, previdenziali ed amministrativi previsti dalle normative\u2026","rel":"","context":"In &quot;Offerta formativa&quot;","img":{"alt_text":"","src":"https:\/\/i0.wp.com\/www.esclabasilicata.org\/formazionebasilicata\/wp-content\/uploads\/2022\/07\/contabile_immagine.png?resize=350%2C200&ssl=1","width":350,"height":200},"classes":[]}],"jetpack_likes_enabled":true,"_links":{"self":[{"href":"https:\/\/www.esclabasilicata.org\/formazionebasilicata\/wp-json\/wp\/v2\/posts\/962"}],"collection":[{"href":"https:\/\/www.esclabasilicata.org\/formazionebasilicata\/wp-json\/wp\/v2\/posts"}],"about":[{"href":"https:\/\/www.esclabasilicata.org\/formazionebasilicata\/wp-json\/wp\/v2\/types\/post"}],"author":[{"embeddable":true,"href":"https:\/\/www.esclabasilicata.org\/formazionebasilicata\/wp-json\/wp\/v2\/users\/1"}],"replies":[{"embeddable":true,"href":"https:\/\/www.esclabasilicata.org\/formazionebasilicata\/wp-json\/wp\/v2\/comments?post=962"}],"version-history":[{"count":4,"href":"https:\/\/www.esclabasilicata.org\/formazionebasilicata\/wp-json\/wp\/v2\/posts\/962\/revisions"}],"predecessor-version":[{"id":1013,"href":"https:\/\/www.esclabasilicata.org\/formazionebasilicata\/wp-json\/wp\/v2\/posts\/962\/revisions\/1013"}],"wp:attachment":[{"href":"https:\/\/www.esclabasilicata.org\/formazionebasilicata\/wp-json\/wp\/v2\/media?parent=962"}],"wp:term":[{"taxonomy":"category","embeddable":true,"href":"https:\/\/www.esclabasilicata.org\/formazionebasilicata\/wp-json\/wp\/v2\/categories?post=962"},{"taxonomy":"post_tag","embeddable":true,"href":"https:\/\/www.esclabasilicata.org\/formazionebasilicata\/wp-json\/wp\/v2\/tags?post=962"}],"curies":[{"name":"wp","href":"https:\/\/api.w.org\/{rel}","templated":true}]}}