{"id":964,"date":"2021-09-18T10:01:57","date_gmt":"2021-09-18T10:01:57","guid":{"rendered":"http:\/\/www.esclabasilicata.org\/formazionebasilicata\/?p=964"},"modified":"2021-09-18T16:40:38","modified_gmt":"2021-09-18T16:40:38","slug":"corso-per-operatore-amministrativo-segretariale","status":"publish","type":"post","link":"https:\/\/www.esclabasilicata.org\/formazionebasilicata\/corso-per-operatore-amministrativo-segretariale\/","title":{"rendered":"Corso per &#8220;Operatore Amministrativo Segretariale&#8221;"},"content":{"rendered":"\n<p><a href=\"https:\/\/www.esclabasilicata.org\/formazionebasilicata\/corso-per-operatore-amministrativo-segretariale\/segreteria1\/\" rel=\"attachment wp-att-965\"><img loading=\"lazy\" decoding=\"async\" data-attachment-id=\"965\" data-permalink=\"https:\/\/www.esclabasilicata.org\/formazionebasilicata\/corso-per-operatore-amministrativo-segretariale\/segreteria1\/\" data-orig-file=\"https:\/\/i0.wp.com\/www.esclabasilicata.org\/formazionebasilicata\/wp-content\/uploads\/2021\/09\/segreteria1.png?fit=582%2C390&amp;ssl=1\" data-orig-size=\"582,390\" data-comments-opened=\"0\" data-image-meta=\"{&quot;aperture&quot;:&quot;0&quot;,&quot;credit&quot;:&quot;&quot;,&quot;camera&quot;:&quot;&quot;,&quot;caption&quot;:&quot;&quot;,&quot;created_timestamp&quot;:&quot;0&quot;,&quot;copyright&quot;:&quot;&quot;,&quot;focal_length&quot;:&quot;0&quot;,&quot;iso&quot;:&quot;0&quot;,&quot;shutter_speed&quot;:&quot;0&quot;,&quot;title&quot;:&quot;&quot;,&quot;orientation&quot;:&quot;0&quot;}\" data-image-title=\"segreteria1\" data-image-description=\"\" data-image-caption=\"\" data-medium-file=\"https:\/\/i0.wp.com\/www.esclabasilicata.org\/formazionebasilicata\/wp-content\/uploads\/2021\/09\/segreteria1.png?fit=300%2C201&amp;ssl=1\" data-large-file=\"https:\/\/i0.wp.com\/www.esclabasilicata.org\/formazionebasilicata\/wp-content\/uploads\/2021\/09\/segreteria1.png?fit=582%2C390&amp;ssl=1\" class=\"alignleft wp-image-965 size-full\" title=\"Corso per operatore amministrativo segretariale\" src=\"https:\/\/i0.wp.com\/www.esclabasilicata.org\/formazionebasilicata\/wp-content\/uploads\/2021\/09\/segreteria1.png?resize=582%2C390&#038;ssl=1\" alt=\"\" width=\"582\" height=\"390\" srcset=\"https:\/\/i0.wp.com\/www.esclabasilicata.org\/formazionebasilicata\/wp-content\/uploads\/2021\/09\/segreteria1.png?w=582&amp;ssl=1 582w, https:\/\/i0.wp.com\/www.esclabasilicata.org\/formazionebasilicata\/wp-content\/uploads\/2021\/09\/segreteria1.png?resize=300%2C201&amp;ssl=1 300w\" sizes=\"(max-width: 582px) 100vw, 582px\" data-recalc-dims=\"1\" \/><\/a>E&#8217; un percorso di formazione individuale e individualizzato, per massimo 3 allievi partecipanti, finalizzato a formare operatori <strong><span style=\"color: #ff0000;\">in grado di provvedere al disbrigo del lavoro di ufficio e delle attivit\u00e0 di segreteria<\/span><\/strong> e nello specifico di:<\/p>\n<ul>\n<li>applicare tecniche di gestione archivistica<\/li>\n<li>curare il disbrigo di pratiche burocratiche<\/li>\n<li>curare il disbrigo di pratiche con banche, istituti di crediti, assicurazioni, ecc.<\/li>\n<li>provvedere all&#8217;organizzazione di riunioni in presenza e a distanza (es. videoconferenza)<\/li>\n<li>provvedere all&#8217;organizzazione di trasferte di lavoro<\/li>\n<li>utilizzare le apparecchiature a supporto dell&#8217;attivit\u00e0 di ufficio (centralino telefonico, fax, stampanti, fotocopiatrici)<\/li>\n<li>utilizzare strumenti e tecniche per la predisposizione di testi di varia natura (lettere commerciali, newsletter, annunci, report, ecc.)<\/li>\n<li>rilevare i principali fatti contabili scaturenti dall&#8217;attivit\u00e0 di impresa<\/li>\n<\/ul>\n<p>Il corso \u00e8 di 100 ore e prevede un modulo formativo di 90 ore (di cui 20 di lezione frontale e 70 di didattica laboratoriale) e attivit\u00e0 on the job di 10 ore.<\/p>\n<p>L\u2019attivit\u00e0 formativa sar\u00e0 guidata da docenti esperti di fascia A con esperienza professionale pluriennale (oltre 5 anni ) sui contenuti e le attivit\u00e0 indicate.<\/p>\n<p><a href=\"https:\/\/www.esclabasilicata.org\/formazionebasilicata\/corso-per-operatore-amministrativo-segretariale\/segreteria2\/\" rel=\"attachment wp-att-966\"><img loading=\"lazy\" decoding=\"async\" data-attachment-id=\"966\" data-permalink=\"https:\/\/www.esclabasilicata.org\/formazionebasilicata\/corso-per-operatore-amministrativo-segretariale\/segreteria2\/\" data-orig-file=\"https:\/\/i0.wp.com\/www.esclabasilicata.org\/formazionebasilicata\/wp-content\/uploads\/2021\/09\/segreteria2.png?fit=687%2C340&amp;ssl=1\" data-orig-size=\"687,340\" data-comments-opened=\"0\" data-image-meta=\"{&quot;aperture&quot;:&quot;0&quot;,&quot;credit&quot;:&quot;&quot;,&quot;camera&quot;:&quot;&quot;,&quot;caption&quot;:&quot;&quot;,&quot;created_timestamp&quot;:&quot;0&quot;,&quot;copyright&quot;:&quot;&quot;,&quot;focal_length&quot;:&quot;0&quot;,&quot;iso&quot;:&quot;0&quot;,&quot;shutter_speed&quot;:&quot;0&quot;,&quot;title&quot;:&quot;&quot;,&quot;orientation&quot;:&quot;0&quot;}\" data-image-title=\"segreteria2\" data-image-description=\"\" data-image-caption=\"\" data-medium-file=\"https:\/\/i0.wp.com\/www.esclabasilicata.org\/formazionebasilicata\/wp-content\/uploads\/2021\/09\/segreteria2.png?fit=300%2C148&amp;ssl=1\" data-large-file=\"https:\/\/i0.wp.com\/www.esclabasilicata.org\/formazionebasilicata\/wp-content\/uploads\/2021\/09\/segreteria2.png?fit=687%2C340&amp;ssl=1\" class=\"alignright wp-image-966 size-full\" src=\"https:\/\/i0.wp.com\/www.esclabasilicata.org\/formazionebasilicata\/wp-content\/uploads\/2021\/09\/segreteria2.png?resize=687%2C340&#038;ssl=1\" alt=\"\" width=\"687\" height=\"340\" srcset=\"https:\/\/i0.wp.com\/www.esclabasilicata.org\/formazionebasilicata\/wp-content\/uploads\/2021\/09\/segreteria2.png?w=687&amp;ssl=1 687w, https:\/\/i0.wp.com\/www.esclabasilicata.org\/formazionebasilicata\/wp-content\/uploads\/2021\/09\/segreteria2.png?resize=300%2C148&amp;ssl=1 300w\" sizes=\"(max-width: 687px) 100vw, 687px\" data-recalc-dims=\"1\" \/><\/a>L\u2019obiettivo di questo corso di formazione professionale \u00e8 formare figure professionali, che possano svolgere attivit\u00e0 inerenti le funzioni amministrative e segreteriali negli ufficio di studi professionali e imprese e che sappiano utilizzare con padronanza i software dedicati: vi \u00e8 di fatto una crescente evoluzione del profilo professionale dell\u2019operatore amministrativo segretariale che sempre di pi\u00f9 deve possedere competenze aggiornate all\u2019innovazione delle tecnologia utilizzabili negli uffici delle segreterie di studi ed aziende.<\/p>\n<h2>Manifestazione d&#8217;interesse<\/h2>\n<p>I corsi sono a numero chiuso ed edizioni limitate. Contattaci subito se sei interessato per riservarti l&#8217;iscrizione. Ci basta la tua manifestazione d&#8217;interesse e ti ricontatteremo il prima possibile.<\/p>\n\n\n\n<div class=\"wp-block-contact-form-7-contact-form-selector\"><div role=\"form\" class=\"wpcf7\" id=\"wpcf7-f981-o1\" lang=\"it-IT\" dir=\"ltr\">\n<div class=\"screen-reader-response\"><p role=\"status\" aria-live=\"polite\" aria-atomic=\"true\"><\/p> <ul><\/ul><\/div>\n<form action=\"\/formazionebasilicata\/wp-json\/wp\/v2\/posts\/964#wpcf7-f981-o1\" method=\"post\" class=\"wpcf7-form init\" novalidate=\"novalidate\" data-status=\"init\">\n<div style=\"display: none;\">\n<input type=\"hidden\" name=\"_wpcf7\" value=\"981\" \/>\n<input type=\"hidden\" name=\"_wpcf7_version\" value=\"5.6\" \/>\n<input type=\"hidden\" name=\"_wpcf7_locale\" value=\"it_IT\" \/>\n<input type=\"hidden\" name=\"_wpcf7_unit_tag\" value=\"wpcf7-f981-o1\" \/>\n<input type=\"hidden\" name=\"_wpcf7_container_post\" value=\"0\" \/>\n<input type=\"hidden\" name=\"_wpcf7_posted_data_hash\" value=\"\" \/>\n<\/div>\n<p><label> Nome e Cognome (richiesto)<br \/>\n    <span class=\"wpcf7-form-control-wrap\" data-name=\"your-name\"><input type=\"text\" name=\"your-name\" value=\"\" size=\"40\" maxlength=\"30\" minlength=\"3\" class=\"wpcf7-form-control wpcf7-text wpcf7-validates-as-required\" aria-required=\"true\" aria-invalid=\"false\" \/><\/span> <\/label><\/p>\n<p><label> il tuo numero di tel.(facoltativo)<br \/>\n    <span class=\"wpcf7-form-control-wrap\" data-name=\"tel-781\"><input type=\"tel\" name=\"tel-781\" value=\"\" size=\"40\" class=\"wpcf7-form-control wpcf7-text wpcf7-tel wpcf7-validates-as-tel\" aria-invalid=\"false\" \/><\/span><\/label><\/p>\n<p><label> La tua email (richiesto)<br \/>\n    <span class=\"wpcf7-form-control-wrap\" data-name=\"your-email\"><input type=\"email\" name=\"your-email\" value=\"\" size=\"40\" class=\"wpcf7-form-control wpcf7-text wpcf7-email wpcf7-validates-as-required wpcf7-validates-as-email\" aria-required=\"true\" aria-invalid=\"false\" \/><\/span> <\/label><\/p>\n<p><label> Oggetto<br \/>\n    <span class=\"wpcf7-form-control-wrap\" data-name=\"your-subject\"><input type=\"text\" name=\"your-subject\" value=\"\" size=\"40\" class=\"wpcf7-form-control wpcf7-text\" aria-invalid=\"false\" \/><\/span> <\/label><\/p>\n<p><label> Corso di interesse<\/label><br \/>\n<span class=\"wpcf7-form-control-wrap\" data-name=\"menu-474\"><select name=\"menu-474\" class=\"wpcf7-form-control wpcf7-select wpcf7-validates-as-required\" aria-required=\"true\" aria-invalid=\"false\"><option value=\"Sviluppo di contenuti multimediali con applicativi CMS\">Sviluppo di contenuti multimediali con applicativi CMS<\/option><option value=\"Receptionist\">Receptionist<\/option><option value=\"Operatore amministrativo segretariale\">Operatore amministrativo segretariale<\/option><option value=\"Operatore della contabilit\u00e0\">Operatore della contabilit\u00e0<\/option><\/select><\/span><\/p>\n<p><label> Il tuo messaggio<br \/>\n    <span class=\"wpcf7-form-control-wrap\" data-name=\"your-message\"><textarea name=\"your-message\" cols=\"40\" rows=\"10\" class=\"wpcf7-form-control wpcf7-textarea\" aria-invalid=\"false\"><\/textarea><\/span> <\/label><\/p>\n<p>[recaptcha]<br \/>\n<span class=\"wpcf7-form-control-wrap\" data-name=\"checkbox-749\"><span class=\"wpcf7-form-control wpcf7-checkbox wpcf7-validates-as-required\"><span class=\"wpcf7-list-item first last\"><span class=\"wpcf7-list-item-label\">Ho Letto l&#039;informativa sulla privacy di E.Sc.LA e accetto<\/span><input type=\"checkbox\" name=\"checkbox-749[]\" value=\"Ho Letto l&#039;informativa sulla privacy di E.Sc.LA e accetto\" \/><\/span><\/span><\/span><br \/>\n<input type=\"submit\" value=\"Invia\" class=\"wpcf7-form-control has-spinner wpcf7-submit\" \/><\/p>\n<div class=\"wpcf7-response-output\" aria-hidden=\"true\"><\/div><\/form><\/div><\/div>\n","protected":false},"excerpt":{"rendered":"<p>E&#8217; un percorso di formazione individuale e individualizzato, per massimo 3 allievi partecipanti, finalizzato a formare operatori in grado di provvedere al disbrigo del lavoro [&#8230;]<\/p>\n","protected":false},"author":1,"featured_media":0,"comment_status":"closed","ping_status":"open","sticky":false,"template":"","format":"standard","meta":{"ngg_post_thumbnail":0,"footnotes":"","jetpack_publicize_message":"","jetpack_is_tweetstorm":false,"jetpack_publicize_feature_enabled":true},"categories":[13,25],"tags":[],"jetpack_publicize_connections":[],"jetpack_featured_media_url":"","jetpack_sharing_enabled":true,"jetpack_shortlink":"https:\/\/wp.me\/pa3AUH-fy","jetpack-related-posts":[{"id":992,"url":"https:\/\/www.esclabasilicata.org\/formazionebasilicata\/corso-di-formazione-in-sviluppo-di-contenuti-multimediali-con-applicativi-cms\/","url_meta":{"origin":964,"position":0},"title":"Corso di formazione in &#8220;sviluppo di contenuti multimediali con applicativi CMS&#8221;","date":"Settembre 18, 2021","format":false,"excerpt":"E' un percorso di formazione individuale e individualizzato, per massimo 3 allievi partecipanti, finalizzato a formare operatori in grado di provvedere alla progettazione e gestione di interfacce e contenuti multimediali mediante CMS\u00a0e nello specifico di: Analisi, individuazione ed elaborazione dei contenuti multimediali per la realizzazione di un progetto Installazione e\u2026","rel":"","context":"In &quot;Offerta formativa&quot;","img":{"alt_text":"","src":"https:\/\/i0.wp.com\/www.esclabasilicata.org\/formazionebasilicata\/wp-content\/uploads\/2021\/09\/webdigit.png?resize=350%2C200","width":350,"height":200},"classes":[]},{"id":974,"url":"https:\/\/www.esclabasilicata.org\/formazionebasilicata\/corso-per-operatore-di-reception-per-strutture-turistiche\/","url_meta":{"origin":964,"position":1},"title":"Corso per &#8220;Operatore di Reception per strutture turistiche&#8221;","date":"Settembre 18, 2021","format":false,"excerpt":"E' un percorso di formazione individuale e individualizzato, per massimo 3 allievi partecipanti, finalizzato a formare operatori receptionist in grado di provvedere all'accoglienza e assistenza al cliente e nello specifico di: - assistere il cliente nella fruizione del servizio reso - cogliere ed interpretare preferenze e richieste della clientela -\u2026","rel":"","context":"In &quot;Offerta formativa&quot;","img":{"alt_text":"","src":"https:\/\/i0.wp.com\/www.esclabasilicata.org\/formazionebasilicata\/wp-content\/uploads\/2021\/09\/receptionist.png?resize=350%2C200","width":350,"height":200},"classes":[]},{"id":778,"url":"https:\/\/www.esclabasilicata.org\/formazionebasilicata\/progetto-di-formazione-ed-inserimento-lavorativo-agri-prodigio\/","url_meta":{"origin":964,"position":2},"title":"AGRI-PRODIGIO &#8211; Progetto, di formazione ed inserimento lavorativo","date":"Agosto 22, 2017","format":false,"excerpt":"L'E.SC.LA comunica l'avvio di AGRI-PRODIGIO. Il\u00a0Progetto, di formazione ed inserimento lavorativo, promosso dalla\u00a0Regione Basilicata e finanziato con le risorse del FSE P.O. 2014\/2020, \u00e8 rivolto ai giovani iscritti nell'elenco di cui all'art. 1 della L. n. 68\/99 (soggetti svantaggiati). Il progetto avr\u00e0 la durata di 500 ore (aula, laboratori, stage)\u2026","rel":"","context":"In &quot;articoli in evidenza&quot;","img":{"alt_text":"","src":"","width":0,"height":0},"classes":[]},{"id":1065,"url":"https:\/\/www.esclabasilicata.org\/formazionebasilicata\/1065-2\/","url_meta":{"origin":964,"position":3},"title":"Corso per addetto al ricevimento","date":"Luglio 11, 2022","format":false,"excerpt":"Il costo della formazione \u00e8 interamente coperto dal voucher. Il corso si pone l\u2019obiettivo di formare una figura professionale, che possa lavorare nel settore dei servizi turistici, in grado di: accogliere il cliente di assisterlo e di rilevarne il grado di customer satisfaction di occuparsi della prima informazione dell'immissione dei\u2026","rel":"","context":"In &quot;Offerta formativa&quot;","img":{"alt_text":"","src":"https:\/\/i0.wp.com\/www.esclabasilicata.org\/formazionebasilicata\/wp-content\/uploads\/2022\/07\/receptionist_immagine.png?resize=350%2C200&ssl=1","width":350,"height":200},"classes":[]},{"id":1141,"url":"https:\/\/www.esclabasilicata.org\/formazionebasilicata\/progetto-formativo-agri-green-innovazioni-per-uneconomia-sostenibile-avviso-di-selezione-partecipanti\/","url_meta":{"origin":964,"position":4},"title":"PROGETTO FORMATIVO \u201cAGRI-GREEN: INNOVAZIONI PER UN\u2019ECONOMIA SOSTENIBILE\u201d &#8211; Avviso di selezione partecipanti","date":"Aprile 11, 2025","format":false,"excerpt":"\u201cAGRI-GREEN: INNOVAZIONI PER UN\u2019ECONOMIA SOSTENIBILE\u201d \u00e8 un corso di 150 ORE a numero chiuso e per massimo 15 partecipanti, erogato a distanza in modalit\u00e0 sincrona Il programma didattico \u00e8 davvero innovativo e puoi vederlo in dettaglio consultando l'avviso allegato GRATUITO PER IMPRENDITORI E ADDETTI DEL SETTORE AGRICOLO, ALIMENTARE, ZOOTECNICO E\u2026","rel":"","context":"In &quot;articoli in evidenza&quot;","img":{"alt_text":"","src":"https:\/\/i0.wp.com\/www.esclabasilicata.org\/formazionebasilicata\/wp-content\/uploads\/2025\/04\/Avviso.png?fit=839%2C690&ssl=1&resize=350%2C200","width":350,"height":200},"classes":[]},{"id":891,"url":"https:\/\/www.esclabasilicata.org\/formazionebasilicata\/addetto-ai-servizi-di-controllo-delle-attivita-di-intrattenimento-e-di-spettacolo-in-luoghi-aperti-al-pubblico-o-in-pubblici-esercizi\/","url_meta":{"origin":964,"position":5},"title":"Addetto ai servizi di controllo delle attivit\u00e0 di intrattenimento e di spettacolo in luoghi aperti al pubblico o in pubblici esercizi.","date":"Novembre 12, 2018","format":false,"excerpt":"Sono aperte le iscrizioni. Il corso permette il conseguimento\u00a0dell\u2019abilitazione valida ai fini dell\u2019iscrizione nell\u2019elenco prefettizio ai sensi del Decreto del Ministro dell\u2019Interno del 06\/09\/2009, art. 3.L\u2019addetto ai servizi di controllo delle attivit\u00e0 di intrattenimento e di spettacolo in luoghi aperti al pubblico o in pubblici esercizi \u00e8 la figura professionale\u2026","rel":"","context":"Articolo simile","img":{"alt_text":"","src":"","width":0,"height":0},"classes":[]}],"jetpack_likes_enabled":true,"_links":{"self":[{"href":"https:\/\/www.esclabasilicata.org\/formazionebasilicata\/wp-json\/wp\/v2\/posts\/964"}],"collection":[{"href":"https:\/\/www.esclabasilicata.org\/formazionebasilicata\/wp-json\/wp\/v2\/posts"}],"about":[{"href":"https:\/\/www.esclabasilicata.org\/formazionebasilicata\/wp-json\/wp\/v2\/types\/post"}],"author":[{"embeddable":true,"href":"https:\/\/www.esclabasilicata.org\/formazionebasilicata\/wp-json\/wp\/v2\/users\/1"}],"replies":[{"embeddable":true,"href":"https:\/\/www.esclabasilicata.org\/formazionebasilicata\/wp-json\/wp\/v2\/comments?post=964"}],"version-history":[{"count":3,"href":"https:\/\/www.esclabasilicata.org\/formazionebasilicata\/wp-json\/wp\/v2\/posts\/964\/revisions"}],"predecessor-version":[{"id":1009,"href":"https:\/\/www.esclabasilicata.org\/formazionebasilicata\/wp-json\/wp\/v2\/posts\/964\/revisions\/1009"}],"wp:attachment":[{"href":"https:\/\/www.esclabasilicata.org\/formazionebasilicata\/wp-json\/wp\/v2\/media?parent=964"}],"wp:term":[{"taxonomy":"category","embeddable":true,"href":"https:\/\/www.esclabasilicata.org\/formazionebasilicata\/wp-json\/wp\/v2\/categories?post=964"},{"taxonomy":"post_tag","embeddable":true,"href":"https:\/\/www.esclabasilicata.org\/formazionebasilicata\/wp-json\/wp\/v2\/tags?post=964"}],"curies":[{"name":"wp","href":"https:\/\/api.w.org\/{rel}","templated":true}]}}